{"id":2949,"date":"2025-03-29T21:39:14","date_gmt":"2025-03-29T18:39:14","guid":{"rendered":"https:\/\/www.sehitgazi1915.org\/?p=2949"},"modified":"2025-03-29T21:42:06","modified_gmt":"2025-03-29T18:42:06","slug":"ramazan-bayraminiz-mubarek-olsun","status":"publish","type":"post","link":"https:\/\/www.sehitgazi1915.org\/index.php\/2025\/03\/29\/ramazan-bayraminiz-mubarek-olsun\/","title":{"rendered":"RAMAZAN BAYRAMINIZ M\u00dcBAREK OLSUN\u2026"},"content":{"rendered":"\n<p>\u015eefkat ve merhametin kitaplardan kalplere hicret etti\u011fi ihsan mevsimi.. Gidiyor o Rahman&#8217;\u0131 lezzet,<br>Rabbim tekrar kavu\u015fmay\u0131 nasip et\u2026<br>Elveda Ya \u015eehri Ramazan\u2026<\/p>\n\n\n\n<p>Bir ay boyunca nefsimizi terbiye ettik, sabr\u0131 ku\u015fand\u0131k, \u015fefkat ve merhametle g\u00f6n\u00fcllerimize dokunduk. A\u00e7\u0131n halinden anlamay\u0131, sabr\u0131n ve \u015f\u00fckr\u00fcn k\u0131ymetini bir kez daha idrak ettik. \u015eimdi ise, Ramazan\u2019\u0131n manevi ikliminde kazan\u0131lan ihlas ve huzurun bayram sevincine d\u00f6n\u00fc\u015ft\u00fc\u011f\u00fc g\u00fcndeyiz.<\/p>\n\n\n\n<p>Bayram, sadece bir takvim g\u00fcn\u00fc de\u011fil; ibadetlerin m\u00fck\u00e2fat buldu\u011fu, dualar\u0131n kabul\u00fcne vesile olan, k\u0131rg\u0131nl\u0131klar\u0131n yerini kucakla\u015fmalara b\u0131rakt\u0131\u011f\u0131, karde\u015fli\u011fin peki\u015fti\u011fi, sevgi ve merhametin g\u00f6n\u00fcllerden g\u00f6n\u00fcllere akt\u0131\u011f\u0131, manevi huzurun doru\u011fa ula\u015ft\u0131\u011f\u0131 bir ihsan mevsimidir..<\/p>\n\n\n\n<p>Bu vesile ile vatan i\u00e7in can veren aziz \u015fehitlerimizi rahmetle an\u0131yor, kahraman gazilerimize minnetimizi bir kez daha yineliyoruz. Onlar\u0131n emanetleri ba\u015f\u0131m\u0131z\u0131n tac\u0131, hat\u0131ralar\u0131 kalbimizin en derin yerindedir.<\/p>\n\n\n\n<p>Rabbim, tuttu\u011fumuz oru\u00e7lar\u0131, yapt\u0131\u011f\u0131m\u0131z dualar\u0131 kabul eylesin. Milletimize, \u0130slam \u00e2lemine ve t\u00fcm insanl\u0131\u011fa bar\u0131\u015f, huzur ve esenlik getirsin.Bizleri nice Ramazanlara ve bayramlara sa\u011fl\u0131k, birlik ve beraberlik i\u00e7inde ula\u015ft\u0131rs\u0131n.<\/p>\n\n\n\n<p>K\u0131ymetli \u015eehit ailelerimiz ve Gazilerimizin , milletimizin ve \u0130slam aleminin Ramazan Bayram\u0131n\u0131 en i\u00e7ten dileklerimle kutluyorum.<br>Ramazan Bayram\u0131n\u0131z m\u00fcbarek olsun!                       Mustafa I\u015eIK                                                                    Genel Ba\u015fkan<\/p>\n\n\n\n<figure class=\"wp-block-gallery has-nested-images columns-default is-cropped wp-block-gallery-1 is-layout-flex wp-block-gallery-is-layout-flex\">\n<figure class=\"wp-block-image size-large\"><img loading=\"lazy\" decoding=\"async\" width=\"1024\" height=\"1024\" data-id=\"2954\" src=\"https:\/\/www.sehitgazi1915.org\/wp-content\/uploads\/2025\/03\/Lacivert-Klasik-Ramazan-Bayrami-Tebrik-Mesaji-Instagram-Gonderisi-1-1024x1024.png\" alt=\"\" class=\"wp-image-2954\" srcset=\"https:\/\/www.sehitgazi1915.org\/wp-content\/uploads\/2025\/03\/Lacivert-Klasik-Ramazan-Bayrami-Tebrik-Mesaji-Instagram-Gonderisi-1-1024x1024.png 1024w, https:\/\/www.sehitgazi1915.org\/wp-content\/uploads\/2025\/03\/Lacivert-Klasik-Ramazan-Bayrami-Tebrik-Mesaji-Instagram-Gonderisi-1-300x300.png 300w, https:\/\/www.sehitgazi1915.org\/wp-content\/uploads\/2025\/03\/Lacivert-Klasik-Ramazan-Bayrami-Tebrik-Mesaji-Instagram-Gonderisi-1-150x150.png 150w, https:\/\/www.sehitgazi1915.org\/wp-content\/uploads\/2025\/03\/Lacivert-Klasik-Ramazan-Bayrami-Tebrik-Mesaji-Instagram-Gonderisi-1-768x768.png 768w, https:\/\/www.sehitgazi1915.org\/wp-content\/uploads\/2025\/03\/Lacivert-Klasik-Ramazan-Bayrami-Tebrik-Mesaji-Instagram-Gonderisi-1.png 1080w\" sizes=\"auto, (max-width: 1024px) 100vw, 1024px\" \/><\/figure>\n<\/figure>\n\n\n\n<figure class=\"wp-block-gallery has-nested-images columns-default is-cropped wp-block-gallery-2 is-layout-flex wp-block-gallery-is-layout-flex\"><\/figure>\n\n\n\n<p><\/p>\n\n\n\n<p><\/p>\n","protected":false},"excerpt":{"rendered":"<p>\u015eefkat ve merhametin kitaplardan kalplere hicret etti\u011fi ihsan mevsimi.. Gidiyor o Rahman&#8217;\u0131 lezzet,Rabbim tekrar kavu\u015fmay\u0131 nasip et\u2026Elveda Ya \u015eehri Ramazan\u2026 Bir ay boyunca nefsimizi terbiye ettik, sabr\u0131 ku\u015fand\u0131k, \u015fefkat ve &hellip; <\/p>\n","protected":false},"author":3,"featured_media":2950,"comment_status":"closed","ping_status":"open","sticky":false,"template":"","format":"standard","meta":{"footnotes":""},"categories":[4,1],"tags":[],"class_list":["post-2949","post","type-post","status-publish","format-standard","has-post-thumbnail","hentry","category-genel-merkez-haberleri","category-haberlet"],"_links":{"self":[{"href":"https:\/\/www.sehitgazi1915.org\/index.php\/wp-json\/wp\/v2\/posts\/2949","targetHints":{"allow":["GET"]}}],"collection":[{"href":"https:\/\/www.sehitgazi1915.org\/index.php\/wp-json\/wp\/v2\/posts"}],"about":[{"href":"https:\/\/www.sehitgazi1915.org\/index.php\/wp-json\/wp\/v2\/types\/post"}],"author":[{"embeddable":true,"href":"https:\/\/www.sehitgazi1915.org\/index.php\/wp-json\/wp\/v2\/users\/3"}],"replies":[{"embeddable":true,"href":"https:\/\/www.sehitgazi1915.org\/index.php\/wp-json\/wp\/v2\/comments?post=2949"}],"version-history":[{"count":2,"href":"https:\/\/www.sehitgazi1915.org\/index.php\/wp-json\/wp\/v2\/posts\/2949\/revisions"}],"predecessor-version":[{"id":2955,"href":"https:\/\/www.sehitgazi1915.org\/index.php\/wp-json\/wp\/v2\/posts\/2949\/revisions\/2955"}],"wp:featuredmedia":[{"embeddable":true,"href":"https:\/\/www.sehitgazi1915.org\/index.php\/wp-json\/wp\/v2\/media\/2950"}],"wp:attachment":[{"href":"https:\/\/www.sehitgazi1915.org\/index.php\/wp-json\/wp\/v2\/media?parent=2949"}],"wp:term":[{"taxonomy":"category","embeddable":true,"href":"https:\/\/www.sehitgazi1915.org\/index.php\/wp-json\/wp\/v2\/categories?post=2949"},{"taxonomy":"post_tag","embeddable":true,"href":"https:\/\/www.sehitgazi1915.org\/index.php\/wp-json\/wp\/v2\/tags?post=2949"}],"curies":[{"name":"wp","href":"https:\/\/api.w.org\/{rel}","templated":true}]}}