{"id":2940,"date":"2025-03-27T21:35:24","date_gmt":"2025-03-27T18:35:24","guid":{"rendered":"https:\/\/www.sehitgazi1915.org\/?p=2940"},"modified":"2025-03-27T21:36:18","modified_gmt":"2025-03-27T18:36:18","slug":"milli-savunma-komisyon-baskanligi-ziyareti","status":"publish","type":"post","link":"https:\/\/www.sehitgazi1915.org\/index.php\/2025\/03\/27\/milli-savunma-komisyon-baskanligi-ziyareti\/","title":{"rendered":"M\u0130LL\u0130 SAVUNMA  KOM\u0130SYON BA\u015eKANLI\u011eI Z\u0130YARET\u0130"},"content":{"rendered":"\n<p>Genel Ba\u015fkan\u0131m\u0131z Say\u0131n Mustafa I\u015eIK ve Y\u00f6netim Kurulumuz, Milli Savunma Komisyonu Ba\u015fkan\u0131 Say\u0131n Hulusi AKAR\u2019\u0131 makam\u0131nda ziyaret etti. Ziyarette, \u015eehit ailelerimizin ve gazilerimizin talepleri dile getirilerek, yap\u0131labilecek d\u00fczenlemeler \u00fczerine isti\u015farelerde bulunuldu, \u00e7\u00f6z\u00fcm odakl\u0131 ad\u0131mlar at\u0131lmas\u0131 y\u00f6n\u00fcndeki beklentilerimiz aktar\u0131ld\u0131. Nazik kabulleri ve destekleri i\u00e7in Say\u0131n Hulusi AKAR\u2019a te\u015fekk\u00fcr ederiz.<\/p>\n\n\n\n<div class=\"wp-block-file\"><a id=\"wp-block-file--media-2cc9e57a-3678-4728-995c-7a922287051a\" href=\"http:\/\/www.sehitgazi1915.org\/wp-content\/uploads\/2025\/03\/6bb83fa7-75f5-4c89-a807-2d9d52b104bc.jpeg\">6bb83fa7-75f5-4c89-a807-2d9d52b104bc<\/a><a href=\"http:\/\/www.sehitgazi1915.org\/wp-content\/uploads\/2025\/03\/6bb83fa7-75f5-4c89-a807-2d9d52b104bc.jpeg\" class=\"wp-block-file__button wp-element-button\" download aria-describedby=\"wp-block-file--media-2cc9e57a-3678-4728-995c-7a922287051a\">\u0130ndir<\/a><\/div>\n\n\n\n\n\n<figure class=\"wp-block-gallery has-nested-images columns-default is-cropped wp-block-gallery-1 is-layout-flex wp-block-gallery-is-layout-flex\">\n<figure class=\"wp-block-image size-large\"><img loading=\"lazy\" decoding=\"async\" width=\"1024\" height=\"768\" data-id=\"2945\" src=\"https:\/\/www.sehitgazi1915.org\/wp-content\/uploads\/2025\/03\/d73bcc87-b459-44c1-aa95-c34d3f458eb9-1-1024x768.jpeg\" alt=\"\" class=\"wp-image-2945\" srcset=\"https:\/\/www.sehitgazi1915.org\/wp-content\/uploads\/2025\/03\/d73bcc87-b459-44c1-aa95-c34d3f458eb9-1-1024x768.jpeg 1024w, https:\/\/www.sehitgazi1915.org\/wp-content\/uploads\/2025\/03\/d73bcc87-b459-44c1-aa95-c34d3f458eb9-1-300x225.jpeg 300w, https:\/\/www.sehitgazi1915.org\/wp-content\/uploads\/2025\/03\/d73bcc87-b459-44c1-aa95-c34d3f458eb9-1-768x576.jpeg 768w, https:\/\/www.sehitgazi1915.org\/wp-content\/uploads\/2025\/03\/d73bcc87-b459-44c1-aa95-c34d3f458eb9-1-1536x1152.jpeg 1536w, https:\/\/www.sehitgazi1915.org\/wp-content\/uploads\/2025\/03\/d73bcc87-b459-44c1-aa95-c34d3f458eb9-1.jpeg 1600w\" sizes=\"auto, (max-width: 1024px) 100vw, 1024px\" \/><\/figure>\n\n\n\n<figure class=\"wp-block-image size-large\"><img loading=\"lazy\" decoding=\"async\" width=\"1024\" height=\"768\" data-id=\"2946\" src=\"https:\/\/www.sehitgazi1915.org\/wp-content\/uploads\/2025\/03\/6bb83fa7-75f5-4c89-a807-2d9d52b104bc-1-1024x768.jpeg\" alt=\"\" class=\"wp-image-2946\" srcset=\"https:\/\/www.sehitgazi1915.org\/wp-content\/uploads\/2025\/03\/6bb83fa7-75f5-4c89-a807-2d9d52b104bc-1-1024x768.jpeg 1024w, https:\/\/www.sehitgazi1915.org\/wp-content\/uploads\/2025\/03\/6bb83fa7-75f5-4c89-a807-2d9d52b104bc-1-300x225.jpeg 300w, https:\/\/www.sehitgazi1915.org\/wp-content\/uploads\/2025\/03\/6bb83fa7-75f5-4c89-a807-2d9d52b104bc-1-768x576.jpeg 768w, https:\/\/www.sehitgazi1915.org\/wp-content\/uploads\/2025\/03\/6bb83fa7-75f5-4c89-a807-2d9d52b104bc-1-1536x1152.jpeg 1536w, https:\/\/www.sehitgazi1915.org\/wp-content\/uploads\/2025\/03\/6bb83fa7-75f5-4c89-a807-2d9d52b104bc-1.jpeg 1600w\" sizes=\"auto, (max-width: 1024px) 100vw, 1024px\" \/><\/figure>\n<\/figure>\n\n\n\n<figure class=\"wp-block-gallery has-nested-images columns-default is-cropped wp-block-gallery-2 is-layout-flex wp-block-gallery-is-layout-flex\"><\/figure>\n","protected":false},"excerpt":{"rendered":"<p>Genel Ba\u015fkan\u0131m\u0131z Say\u0131n Mustafa I\u015eIK ve Y\u00f6netim Kurulumuz, Milli Savunma Komisyonu Ba\u015fkan\u0131 Say\u0131n Hulusi AKAR\u2019\u0131 makam\u0131nda ziyaret etti. Ziyarette, \u015eehit ailelerimizin ve gazilerimizin talepleri dile getirilerek, yap\u0131labilecek d\u00fczenlemeler \u00fczerine isti\u015farelerde &hellip; <\/p>\n","protected":false},"author":3,"featured_media":2942,"comment_status":"closed","ping_status":"open","sticky":false,"template":"","format":"standard","meta":{"footnotes":""},"categories":[4,1],"tags":[],"class_list":["post-2940","post","type-post","status-publish","format-standard","has-post-thumbnail","hentry","category-genel-merkez-haberleri","category-haberlet"],"_links":{"self":[{"href":"https:\/\/www.sehitgazi1915.org\/index.php\/wp-json\/wp\/v2\/posts\/2940","targetHints":{"allow":["GET"]}}],"collection":[{"href":"https:\/\/www.sehitgazi1915.org\/index.php\/wp-json\/wp\/v2\/posts"}],"about":[{"href":"https:\/\/www.sehitgazi1915.org\/index.php\/wp-json\/wp\/v2\/types\/post"}],"author":[{"embeddable":true,"href":"https:\/\/www.sehitgazi1915.org\/index.php\/wp-json\/wp\/v2\/users\/3"}],"replies":[{"embeddable":true,"href":"https:\/\/www.sehitgazi1915.org\/index.php\/wp-json\/wp\/v2\/comments?post=2940"}],"version-history":[{"count":3,"href":"https:\/\/www.sehitgazi1915.org\/index.php\/wp-json\/wp\/v2\/posts\/2940\/revisions"}],"predecessor-version":[{"id":2947,"href":"https:\/\/www.sehitgazi1915.org\/index.php\/wp-json\/wp\/v2\/posts\/2940\/revisions\/2947"}],"wp:featuredmedia":[{"embeddable":true,"href":"https:\/\/www.sehitgazi1915.org\/index.php\/wp-json\/wp\/v2\/media\/2942"}],"wp:attachment":[{"href":"https:\/\/www.sehitgazi1915.org\/index.php\/wp-json\/wp\/v2\/media?parent=2940"}],"wp:term":[{"taxonomy":"category","embeddable":true,"href":"https:\/\/www.sehitgazi1915.org\/index.php\/wp-json\/wp\/v2\/categories?post=2940"},{"taxonomy":"post_tag","embeddable":true,"href":"https:\/\/www.sehitgazi1915.org\/index.php\/wp-json\/wp\/v2\/tags?post=2940"}],"curies":[{"name":"wp","href":"https:\/\/api.w.org\/{rel}","templated":true}]}}