{"id":2444,"date":"2024-09-20T13:58:34","date_gmt":"2024-09-20T10:58:34","guid":{"rendered":"https:\/\/www.sehitgazi1915.org\/?p=2444"},"modified":"2024-09-20T13:58:35","modified_gmt":"2024-09-20T10:58:35","slug":"genel-baskan-mustafa-isik-in-19-eylul-gaziler-gunu-mesaji","status":"publish","type":"post","link":"https:\/\/www.sehitgazi1915.org\/index.php\/2024\/09\/20\/genel-baskan-mustafa-isik-in-19-eylul-gaziler-gunu-mesaji\/","title":{"rendered":"GENEL BA\u015eKAN MUSTAFA I\u015eIK\u2019 IN  19 EYL\u00dcL GAZ\u0130LER G\u00dcN\u00dc MESAJI"},"content":{"rendered":"\n<p>&#8220;Vatan size minnettar&#8221;\ud83c\uddf9\ud83c\uddf7<br>Bu VATAN;<br>\u0130leri at\u0131l\u0131p sellercesine,&nbsp;<br>G\u00f6\u011fs\u00fcnden vurulup tam ercesine,&nbsp;<br>Bir g\u00fcl bah\u00e7esine girercesine,&nbsp;<br>\u015eu kara topra\u011fa girenlerindir\u2026!<\/p>\n\n\n\n<p>Bug\u00fcn , milletimizin istiklal ve istikbali i\u00e7in \u015fehitlik niyetiyle girdi\u011fi m\u00fccadeleden gazilik onuruyla \u00e7\u0131kan kahramanlar\u0131n \u015fan ve \u015feref g\u00fcn\u00fcd\u00fcr.<br>Bizim medeniyetimizde \u015fehitlik ve gazilik mertebesi; \u015fereflerin en b\u00fcy\u00fc\u011f\u00fc, makamlar\u0131n en y\u00fccesidir. Hem Hak hem de halk nezdinde \u00e7ok de\u011ferli olan bu mazhariyet, milletimizin d\u00fc\u015fman kar\u015f\u0131s\u0131nda en b\u00fcy\u00fck moral ve motivasyon kaynaklar\u0131ndan biridir.<br>Tarihin dilinden d\u00fc\u015fmez bu destan:&nbsp;<br>Nehirler gazidir, da\u011flar kahraman,&nbsp;<br>Her ta\u015f\u0131 bir yakut olan bu vatan,&nbsp;<br>Can verme s\u0131rr\u0131na erenlerindir\u2026<br>Cumhuriyetimizin kurucusu Gazi Mustafa Kemal\u2019e \u201cGazi\u201d \u00fcnvan\u0131 verili\u015finin 103. y\u0131l d\u00f6n\u00fcm\u00fcnde Ba\u015fta Gazi Mustafa Kemal Atat\u00fcrk olmak \u00fczere, silah arkada\u015flar\u0131n\u0131, bu topraklar\u0131 vatan yapan aziz \u015fehitlerimizi ve ebediyete irtihal etmi\u015f kahraman gazilerimizi sayg\u0131, rahmet ve minnetle an\u0131yoruz. Hayatta olan gazilerimize sa\u011fl\u0131kl\u0131 uzun \u00f6m\u00fcrler diliyorum.<br>Mustafa I\u015eIK<br>Genel Ba\u015fkan<\/p>\n\n\n\n<figure class=\"wp-block-gallery has-nested-images columns-default is-cropped wp-block-gallery-1 is-layout-flex wp-block-gallery-is-layout-flex\">\n<figure class=\"wp-block-image size-large\"><img loading=\"lazy\" decoding=\"async\" width=\"1024\" height=\"577\" data-id=\"2445\" src=\"https:\/\/www.sehitgazi1915.org\/wp-content\/uploads\/2024\/09\/742fee6b-db13-4ab4-b194-eb8b3e578677-1024x577.jpeg\" alt=\"\" class=\"wp-image-2445\" srcset=\"https:\/\/www.sehitgazi1915.org\/wp-content\/uploads\/2024\/09\/742fee6b-db13-4ab4-b194-eb8b3e578677-1024x577.jpeg 1024w, https:\/\/www.sehitgazi1915.org\/wp-content\/uploads\/2024\/09\/742fee6b-db13-4ab4-b194-eb8b3e578677-300x169.jpeg 300w, https:\/\/www.sehitgazi1915.org\/wp-content\/uploads\/2024\/09\/742fee6b-db13-4ab4-b194-eb8b3e578677-768x432.jpeg 768w, https:\/\/www.sehitgazi1915.org\/wp-content\/uploads\/2024\/09\/742fee6b-db13-4ab4-b194-eb8b3e578677-1536x865.jpeg 1536w, https:\/\/www.sehitgazi1915.org\/wp-content\/uploads\/2024\/09\/742fee6b-db13-4ab4-b194-eb8b3e578677.jpeg 1600w\" sizes=\"auto, (max-width: 1024px) 100vw, 1024px\" \/><\/figure>\n<\/figure>\n","protected":false},"excerpt":{"rendered":"<p>&#8220;Vatan size minnettar&#8221;\ud83c\uddf9\ud83c\uddf7Bu VATAN;\u0130leri at\u0131l\u0131p sellercesine,&nbsp;G\u00f6\u011fs\u00fcnden vurulup tam ercesine,&nbsp;Bir g\u00fcl bah\u00e7esine girercesine,&nbsp;\u015eu kara topra\u011fa girenlerindir\u2026! Bug\u00fcn , milletimizin istiklal ve istikbali i\u00e7in \u015fehitlik niyetiyle girdi\u011fi m\u00fccadeleden gazilik onuruyla \u00e7\u0131kan kahramanlar\u0131n &hellip; <\/p>\n","protected":false},"author":3,"featured_media":0,"comment_status":"closed","ping_status":"open","sticky":false,"template":"","format":"standard","meta":{"footnotes":""},"categories":[4],"tags":[],"class_list":["post-2444","post","type-post","status-publish","format-standard","hentry","category-genel-merkez-haberleri"],"_links":{"self":[{"href":"https:\/\/www.sehitgazi1915.org\/index.php\/wp-json\/wp\/v2\/posts\/2444","targetHints":{"allow":["GET"]}}],"collection":[{"href":"https:\/\/www.sehitgazi1915.org\/index.php\/wp-json\/wp\/v2\/posts"}],"about":[{"href":"https:\/\/www.sehitgazi1915.org\/index.php\/wp-json\/wp\/v2\/types\/post"}],"author":[{"embeddable":true,"href":"https:\/\/www.sehitgazi1915.org\/index.php\/wp-json\/wp\/v2\/users\/3"}],"replies":[{"embeddable":true,"href":"https:\/\/www.sehitgazi1915.org\/index.php\/wp-json\/wp\/v2\/comments?post=2444"}],"version-history":[{"count":1,"href":"https:\/\/www.sehitgazi1915.org\/index.php\/wp-json\/wp\/v2\/posts\/2444\/revisions"}],"predecessor-version":[{"id":2446,"href":"https:\/\/www.sehitgazi1915.org\/index.php\/wp-json\/wp\/v2\/posts\/2444\/revisions\/2446"}],"wp:attachment":[{"href":"https:\/\/www.sehitgazi1915.org\/index.php\/wp-json\/wp\/v2\/media?parent=2444"}],"wp:term":[{"taxonomy":"category","embeddable":true,"href":"https:\/\/www.sehitgazi1915.org\/index.php\/wp-json\/wp\/v2\/categories?post=2444"},{"taxonomy":"post_tag","embeddable":true,"href":"https:\/\/www.sehitgazi1915.org\/index.php\/wp-json\/wp\/v2\/tags?post=2444"}],"curies":[{"name":"wp","href":"https:\/\/api.w.org\/{rel}","templated":true}]}}