{"id":1852,"date":"2024-04-23T21:23:05","date_gmt":"2024-04-23T21:23:05","guid":{"rendered":"https:\/\/www.sehitgazi1915.org\/?p=1852"},"modified":"2024-04-24T00:35:02","modified_gmt":"2024-04-23T21:35:02","slug":"23-nisan-1920","status":"publish","type":"post","link":"https:\/\/www.sehitgazi1915.org\/index.php\/2024\/04\/23\/23-nisan-1920\/","title":{"rendered":"23 Nisan 1920"},"content":{"rendered":"\n<p>\u201c K\u00fc\u00e7\u00fck han\u0131mlar, k\u00fc\u00e7\u00fck beyler! Sizler hepiniz gelece\u011fin bir g\u00fcl\u00fc, y\u0131ld\u0131z\u0131 ve ikbal \u0131\u015f\u0131\u011f\u0131s\u0131n\u0131z. Memleketi as\u0131l \u0131\u015f\u0131\u011fa bo\u011facak olan sizlersiniz!<\/p>\n\n\n\n<p>Kendinizin ne kadar \u00f6nemli, de\u011ferli oldu\u011funu d\u00fc\u015f\u00fcnerek, ona g\u00f6re \u00e7al\u0131\u015f\u0131n\u0131z. Sizlerden \u00e7ok \u015fey bekliyoruz.\u201d<\/p>\n\n\n\n<p>Egemenli\u011fin kay\u0131ts\u0131z ve \u015farts\u0131z olarak millette devredildi\u011fi ve millet iradesinin topyek\u00fbn temsil edildi\u011fi T\u00fcrkiye B\u00fcy\u00fck Millet Meclisi\u2019nin a\u00e7\u0131l\u0131\u015f\u0131n\u0131n 104 \u00fcnc\u00fc y\u0131l d\u00f6n\u00fcm\u00fcn\u00fc ve 23 Nisan Ulusal Egemenlik ve \u00c7ocuk Bayram\u0131\u2019n\u0131 b\u00fcy\u00fck bir <a><\/a>gurur ve sevin\u00e7le kutluyoruz.<\/p>\n\n\n\n<p>23 Nisan 1920 tarihinde<\/p>\n\n\n\n<p>T\u00fcrkiye B\u00fcy\u00fck Millet Meclisi\u2019nin a\u00e7\u0131lmas\u0131, istikl\u00e2l m\u00fccadelemizin d\u00f6n\u00fcm noktas\u0131 olmu\u015f, milletimiz, egemenli\u011fin kay\u0131ts\u0131z \u015farts\u0131z kendisinde oldu\u011fu yeni bir devletin ilk ad\u0131m\u0131n\u0131 atm\u0131\u015ft\u0131r.<\/p>\n\n\n\n<p>Y\u00fcce meclisimiz, \u00fclkenin i\u00e7inde bulundu\u011fu olumsuz \u015fartlara ra\u011fmen milletten ald\u0131\u011f\u0131 g\u00fc\u00e7le istikl\u00e2l m\u00fccadelesini ba\u015far\u0131yla sonu\u00e7land\u0131rm\u0131\u015f, ezelden beri h\u00fcr ya\u015fayan milletimizin, ebediyete kadar h\u00fcr ya\u015fayaca\u011f\u0131n\u0131 b\u00fct\u00fcn d\u00fcnyaya ilan etmi\u015ftir.<\/p>\n\n\n\n<p>Bu kutlu g\u00fcn , gelece\u011fimizin teminat\u0131 olan \u00e7ocuklar\u0131m\u0131za arma\u011fan edilmi\u015ftir.<\/p>\n\n\n\n<p>Bu duygu ve d\u00fc\u015f\u00fcncelerle; ba\u015fta Gazi Mustafa Kemal Atat\u00fcrk olmak \u00fczere kanlar\u0131yla Vatan topra\u011f\u0131n\u0131n hamurunu yo\u011furan Aziz \u015eehitlerimizi, aram\u0131zdan ayr\u0131lan \u015eanl\u0131 Gazilerimizi rahmet ve minnetle y\u00e2d ediyor, 23 Nisan Ulusal Egemenlik ve \u00c7ocuk Bayram\u0131\u2019n\u0131n t\u00fcm d\u00fcnya \u00e7ocuklar\u0131na ve b\u00fct\u00fcn insanl\u0131\u011fa bar\u0131\u015f, refah ve huzur getirmesini diliyor, t\u00fcm \u00e7ocuklar\u0131m\u0131z\u0131n 23 Nisan Ulusal Egemenlik ve \u00c7ocuk Bayram\u0131n\u0131 kutluyoruz.<\/p>\n","protected":false},"excerpt":{"rendered":"<p>\u201c K\u00fc\u00e7\u00fck han\u0131mlar, k\u00fc\u00e7\u00fck beyler! Sizler hepiniz gelece\u011fin bir g\u00fcl\u00fc, y\u0131ld\u0131z\u0131 ve ikbal \u0131\u015f\u0131\u011f\u0131s\u0131n\u0131z. Memleketi as\u0131l \u0131\u015f\u0131\u011fa bo\u011facak olan sizlersiniz! Kendinizin ne kadar \u00f6nemli, de\u011ferli oldu\u011funu d\u00fc\u015f\u00fcnerek, ona g\u00f6re \u00e7al\u0131\u015f\u0131n\u0131z. &hellip; <\/p>\n","protected":false},"author":1,"featured_media":1853,"comment_status":"closed","ping_status":"open","sticky":false,"template":"","format":"standard","meta":{"footnotes":""},"categories":[4],"tags":[],"class_list":["post-1852","post","type-post","status-publish","format-standard","has-post-thumbnail","hentry","category-genel-merkez-haberleri"],"_links":{"self":[{"href":"https:\/\/www.sehitgazi1915.org\/index.php\/wp-json\/wp\/v2\/posts\/1852","targetHints":{"allow":["GET"]}}],"collection":[{"href":"https:\/\/www.sehitgazi1915.org\/index.php\/wp-json\/wp\/v2\/posts"}],"about":[{"href":"https:\/\/www.sehitgazi1915.org\/index.php\/wp-json\/wp\/v2\/types\/post"}],"author":[{"embeddable":true,"href":"https:\/\/www.sehitgazi1915.org\/index.php\/wp-json\/wp\/v2\/users\/1"}],"replies":[{"embeddable":true,"href":"https:\/\/www.sehitgazi1915.org\/index.php\/wp-json\/wp\/v2\/comments?post=1852"}],"version-history":[{"count":1,"href":"https:\/\/www.sehitgazi1915.org\/index.php\/wp-json\/wp\/v2\/posts\/1852\/revisions"}],"predecessor-version":[{"id":1854,"href":"https:\/\/www.sehitgazi1915.org\/index.php\/wp-json\/wp\/v2\/posts\/1852\/revisions\/1854"}],"wp:featuredmedia":[{"embeddable":true,"href":"https:\/\/www.sehitgazi1915.org\/index.php\/wp-json\/wp\/v2\/media\/1853"}],"wp:attachment":[{"href":"https:\/\/www.sehitgazi1915.org\/index.php\/wp-json\/wp\/v2\/media?parent=1852"}],"wp:term":[{"taxonomy":"category","embeddable":true,"href":"https:\/\/www.sehitgazi1915.org\/index.php\/wp-json\/wp\/v2\/categories?post=1852"},{"taxonomy":"post_tag","embeddable":true,"href":"https:\/\/www.sehitgazi1915.org\/index.php\/wp-json\/wp\/v2\/tags?post=1852"}],"curies":[{"name":"wp","href":"https:\/\/api.w.org\/{rel}","templated":true}]}}