{"id":3893,"date":"2026-04-30T20:57:32","date_gmt":"2026-04-30T17:57:32","guid":{"rendered":"https:\/\/www.sehitgazi1915.org\/?p=3893"},"modified":"2026-04-30T20:57:33","modified_gmt":"2026-04-30T17:57:33","slug":"madde-25-ayni-yonetmeligin-31-a-maddesi-basligiyla-birlikte-asagidaki-sekilde-degistirilmistir","status":"publish","type":"post","link":"http:\/\/www.sehitgazi1915.org\/index.php\/2026\/04\/30\/madde-25-ayni-yonetmeligin-31-a-maddesi-basligiyla-birlikte-asagidaki-sekilde-degistirilmistir\/","title":{"rendered":"MADDE 25- Ayn\u0131 Y\u00f6netmeli\u011fin 31\/A maddesi ba\u015fl\u0131\u011f\u0131yla birlikte a\u015fa\u011f\u0131daki \u015fekilde de\u011fi\u015ftirilmi\u015ftir."},"content":{"rendered":"\n<p>\u201cE\u015e\u0130, \u00c7OCU\u011eU, ANNES\u0130, BABASI VEYA KARDE\u015e\u0130 \u015eEH\u0130T OLAN PERSONEL \u0130LE KEND\u0130S\u0130 VEYA E\u015e\u0130 GAZ\u0130 OLAN PERSONEL\u0130N ATAMALARI<\/p>\n\n\n\n<p>Madde 31\/A- E\u015fi, \u00e7ocu\u011fu, annesi, babas\u0131 veya karde\u015fi \u015fehit olan personelin atamas\u0131, talep etmesi halinde, \u015fehadet zaman\u0131na bak\u0131lmaks\u0131z\u0131n, bu durumlar\u0131n\u0131n ilgili makamlarca belgelendirilmi\u015f olmas\u0131 kayd\u0131yla, iki defaya mahsus olmak \u00fczere s\u0131n\u0131f\u0131, ihtisas\u0131 ve r\u00fctbesine uygun kadrosu (se\u00e7imle atama yap\u0131lan kadro g\u00f6rev yerleri hari\u00e7) bulunan istedi\u011fi garnizona yap\u0131l\u0131r. Ayr\u0131ca bu durumda bulunan Kara, Deniz ve Hava Kuvvetleri Komutanl\u0131\u011f\u0131 mensubu personel, talep etmedik\u00e7e Kara Kuvvetleri Komutanl\u0131\u011f\u0131 personeli i\u00e7in s\u0131ral\u0131 hizmet garnizonu olarak belirlenmi\u015f olan garnizonlara atanmaz.<\/p>\n\n\n\n<p>Birinci f\u0131kra h\u00fck\u00fcmleri; ayn\u0131 esaslarla ve maluliyet zaman\u0131na bak\u0131lmaks\u0131z\u0131n kendisi veya&nbsp;&nbsp;&nbsp;e\u015fi 8\/6\/1949 tarihli ve 5434 say\u0131l\u0131 T\u00fcrkiye Cumhuriyeti Emekli Sand\u0131\u011f\u0131 Kanununun m\u00fclga 64 \u00fcnc\u00fc maddesi, 5510 say\u0131l\u0131 Kanunun 47 nci maddesinin sekizinci f\u0131kras\u0131, 12\/4\/1991 tarihli ve 3713 say\u0131l\u0131 Ter\u00f6rle M\u00fccadele Kanunu, 3\/11\/1980 tarihli ve 2330 say\u0131l\u0131 Nakdi Tazminat ve Ayl\u0131k Ba\u011flanmas\u0131 Hakk\u0131nda Kanun ile 2330 say\u0131l\u0131 Kanun h\u00fck\u00fcmleri uygulanarak ayl\u0131k ba\u011flanmas\u0131n\u0131 gerektiren kanunlara g\u00f6re harp veya vazife malul\u00fc say\u0131lan personel ile 8\/2\/2018 tarihli ve 7091 say\u0131l\u0131 Ola\u011fan\u00fcst\u00fc Hal Kapsam\u0131nda Al\u0131nmas\u0131 Gereken Tedbirler Hakk\u0131nda Kanun H\u00fckm\u00fcnde Kararnamenin Kabul Edilmesine Dair Kanunun 9 uncu maddesi kapsam\u0131nda tazminat hakk\u0131ndan yararland\u0131r\u0131lan personel hakk\u0131nda da uygulan\u0131r.<\/p>\n\n\n\n<p>E\u015fi, \u00e7ocu\u011fu, annesi, babas\u0131 veya karde\u015fi \u015fehit olan personel ile kendisi veya e\u015fi 3713 say\u0131l\u0131 Kanun kapsam\u0131nda vazife malul\u00fc olan personel; s\u0131n\u0131f\u0131, ihtisas\u0131 ve r\u00fctbesine uygun kadrosu (se\u00e7imle atama yap\u0131lan kadro g\u00f6rev yerleri hari\u00e7) bulundu\u011fu m\u00fcddet\u00e7e garnizon hizmet s\u00fcresi k\u0131s\u0131tlamas\u0131na tabi tutulmaz. Bu f\u0131kra kapsam\u0131nda bulunan personel hakk\u0131nda 23 \u00fcnc\u00fc maddenin birinci f\u0131kras\u0131n\u0131n (\u00e7), (d), (e), (f), (g), (i), (j) ve (k) bentlerinde belirtilen \u015fartlar\u0131n olu\u015ftu\u011funun tespiti halinde s\u00f6z konusu personel, Bakanl\u0131k taraf\u0131ndan safahat\u0131na uygun ba\u015fka bir kadro veya garnizona re\u2019sen atama i\u015flemine tabi tutulabilir.\u201d<\/p>\n\n\n\n<p>Milli Savunma Bakanl\u0131\u011f\u0131 Personel Genel M\u00fcd\u00fcrl\u00fc\u011f\u00fc ile yakla\u015f\u0131k iki y\u0131ld\u0131r titizlikle y\u00fcr\u00fctt\u00fc\u011f\u00fcm\u00fcz \u00e7al\u0131\u015fmalar, isti\u015fare ve g\u00f6r\u00fc\u015fmeler neticesinde; Milli Savunma Bakanl\u0131\u011f\u0131 Subay ve Astsubay Atama Y\u00f6netmeli\u011fi \u00e7\u0131km\u0131\u015ft\u0131r.<\/p>\n\n\n\n<p>Bu s\u00fcre\u00e7te eme\u011fi ge\u00e7en ba\u015fta Milli Savunma Bakan\u0131m\u0131z Say\u0131n Ya\u015far G\u00dcLER ve Bakanl\u0131k personelimize te\u015fekk\u00fcr ediyor, yeni y\u00f6netmeli\u011fin hay\u0131rl\u0131 olmas\u0131n\u0131 diliyoruz.<\/p>\n","protected":false},"excerpt":{"rendered":"<p>\u201cE\u015e\u0130, \u00c7OCU\u011eU, ANNES\u0130, BABASI VEYA KARDE\u015e\u0130 \u015eEH\u0130T OLAN PERSONEL \u0130LE KEND\u0130S\u0130 VEYA E\u015e\u0130 GAZ\u0130 OLAN PERSONEL\u0130N ATAMALARI Madde 31\/A- E\u015fi, \u00e7ocu\u011fu, annesi, babas\u0131 veya karde\u015fi \u015fehit olan personelin atamas\u0131, talep &hellip; <\/p>\n","protected":false},"author":3,"featured_media":0,"comment_status":"closed","ping_status":"open","sticky":false,"template":"","format":"standard","meta":{"footnotes":""},"categories":[1],"tags":[],"class_list":["post-3893","post","type-post","status-publish","format-standard","hentry","category-haberlet"],"_links":{"self":[{"href":"http:\/\/www.sehitgazi1915.org\/index.php\/wp-json\/wp\/v2\/posts\/3893","targetHints":{"allow":["GET"]}}],"collection":[{"href":"http:\/\/www.sehitgazi1915.org\/index.php\/wp-json\/wp\/v2\/posts"}],"about":[{"href":"http:\/\/www.sehitgazi1915.org\/index.php\/wp-json\/wp\/v2\/types\/post"}],"author":[{"embeddable":true,"href":"http:\/\/www.sehitgazi1915.org\/index.php\/wp-json\/wp\/v2\/users\/3"}],"replies":[{"embeddable":true,"href":"http:\/\/www.sehitgazi1915.org\/index.php\/wp-json\/wp\/v2\/comments?post=3893"}],"version-history":[{"count":1,"href":"http:\/\/www.sehitgazi1915.org\/index.php\/wp-json\/wp\/v2\/posts\/3893\/revisions"}],"predecessor-version":[{"id":3894,"href":"http:\/\/www.sehitgazi1915.org\/index.php\/wp-json\/wp\/v2\/posts\/3893\/revisions\/3894"}],"wp:attachment":[{"href":"http:\/\/www.sehitgazi1915.org\/index.php\/wp-json\/wp\/v2\/media?parent=3893"}],"wp:term":[{"taxonomy":"category","embeddable":true,"href":"http:\/\/www.sehitgazi1915.org\/index.php\/wp-json\/wp\/v2\/categories?post=3893"},{"taxonomy":"post_tag","embeddable":true,"href":"http:\/\/www.sehitgazi1915.org\/index.php\/wp-json\/wp\/v2\/tags?post=3893"}],"curies":[{"name":"wp","href":"https:\/\/api.w.org\/{rel}","templated":true}]}}