{"id":2476,"date":"2024-10-19T12:35:25","date_gmt":"2024-10-19T09:35:25","guid":{"rendered":"https:\/\/www.sehitgazi1915.org\/?p=2476"},"modified":"2024-10-19T12:35:50","modified_gmt":"2024-10-19T09:35:50","slug":"ankara-valiligi-ne-ziyaret","status":"publish","type":"post","link":"http:\/\/www.sehitgazi1915.org\/index.php\/2024\/10\/19\/ankara-valiligi-ne-ziyaret\/","title":{"rendered":"ANKARA VAL\u0130L\u0130\u011e\u0130\u2019 NE  Z\u0130YARET"},"content":{"rendered":"\n<p>T\u00fcrkiye Harp Mal\u00fcl\u00fc Gaziler \u015eehit Dul Yetimleri Derne\u011fi Genel Merkezimizin&nbsp;&nbsp;18. Ola\u011fan Genel Kurulunda yeniden Genel Ba\u015fkanl\u0131\u011fa se\u00e7ilen Say\u0131n Mustafa I\u015eIK ve Y\u00f6netim kurulu ilk ziyaretini Ankara&nbsp;&nbsp;Valili\u011fine ger\u00e7ekle\u015ftirdi.<\/p>\n\n\n\n<p>Say\u0131n Valimiz&nbsp;&nbsp;Vasip \u015eAH\u0130N \u2018 e misafirperverli\u011fi ve ilgileri i\u00e7in te\u015fekk\u00fcr ederiz.&nbsp;<\/p>\n\n\n\n<figure class=\"wp-block-gallery has-nested-images columns-default is-cropped wp-block-gallery-1 is-layout-flex wp-block-gallery-is-layout-flex\">\n<figure class=\"wp-block-image size-large\"><img loading=\"lazy\" decoding=\"async\" width=\"1024\" height=\"677\" data-id=\"2477\" src=\"https:\/\/www.sehitgazi1915.org\/wp-content\/uploads\/2024\/10\/ab3f264e-9a57-49d7-9465-2c1e324f0fba-1024x677.jpeg\" alt=\"\" class=\"wp-image-2477\" srcset=\"http:\/\/www.sehitgazi1915.org\/wp-content\/uploads\/2024\/10\/ab3f264e-9a57-49d7-9465-2c1e324f0fba-1024x677.jpeg 1024w, http:\/\/www.sehitgazi1915.org\/wp-content\/uploads\/2024\/10\/ab3f264e-9a57-49d7-9465-2c1e324f0fba-300x198.jpeg 300w, http:\/\/www.sehitgazi1915.org\/wp-content\/uploads\/2024\/10\/ab3f264e-9a57-49d7-9465-2c1e324f0fba-768x508.jpeg 768w, http:\/\/www.sehitgazi1915.org\/wp-content\/uploads\/2024\/10\/ab3f264e-9a57-49d7-9465-2c1e324f0fba.jpeg 1290w\" sizes=\"auto, (max-width: 1024px) 100vw, 1024px\" \/><\/figure>\n<\/figure>\n","protected":false},"excerpt":{"rendered":"<p>T\u00fcrkiye Harp Mal\u00fcl\u00fc Gaziler \u015eehit Dul Yetimleri Derne\u011fi Genel Merkezimizin&nbsp;&nbsp;18. Ola\u011fan Genel Kurulunda yeniden Genel Ba\u015fkanl\u0131\u011fa se\u00e7ilen Say\u0131n Mustafa I\u015eIK ve Y\u00f6netim kurulu ilk ziyaretini Ankara&nbsp;&nbsp;Valili\u011fine ger\u00e7ekle\u015ftirdi. Say\u0131n Valimiz&nbsp;&nbsp;Vasip \u015eAH\u0130N &hellip; <\/p>\n","protected":false},"author":3,"featured_media":2477,"comment_status":"closed","ping_status":"open","sticky":false,"template":"","format":"standard","meta":{"footnotes":""},"categories":[4],"tags":[],"class_list":["post-2476","post","type-post","status-publish","format-standard","has-post-thumbnail","hentry","category-genel-merkez-haberleri"],"_links":{"self":[{"href":"http:\/\/www.sehitgazi1915.org\/index.php\/wp-json\/wp\/v2\/posts\/2476","targetHints":{"allow":["GET"]}}],"collection":[{"href":"http:\/\/www.sehitgazi1915.org\/index.php\/wp-json\/wp\/v2\/posts"}],"about":[{"href":"http:\/\/www.sehitgazi1915.org\/index.php\/wp-json\/wp\/v2\/types\/post"}],"author":[{"embeddable":true,"href":"http:\/\/www.sehitgazi1915.org\/index.php\/wp-json\/wp\/v2\/users\/3"}],"replies":[{"embeddable":true,"href":"http:\/\/www.sehitgazi1915.org\/index.php\/wp-json\/wp\/v2\/comments?post=2476"}],"version-history":[{"count":1,"href":"http:\/\/www.sehitgazi1915.org\/index.php\/wp-json\/wp\/v2\/posts\/2476\/revisions"}],"predecessor-version":[{"id":2478,"href":"http:\/\/www.sehitgazi1915.org\/index.php\/wp-json\/wp\/v2\/posts\/2476\/revisions\/2478"}],"wp:featuredmedia":[{"embeddable":true,"href":"http:\/\/www.sehitgazi1915.org\/index.php\/wp-json\/wp\/v2\/media\/2477"}],"wp:attachment":[{"href":"http:\/\/www.sehitgazi1915.org\/index.php\/wp-json\/wp\/v2\/media?parent=2476"}],"wp:term":[{"taxonomy":"category","embeddable":true,"href":"http:\/\/www.sehitgazi1915.org\/index.php\/wp-json\/wp\/v2\/categories?post=2476"},{"taxonomy":"post_tag","embeddable":true,"href":"http:\/\/www.sehitgazi1915.org\/index.php\/wp-json\/wp\/v2\/tags?post=2476"}],"curies":[{"name":"wp","href":"https:\/\/api.w.org\/{rel}","templated":true}]}}