{"id":1957,"date":"2024-05-05T23:32:22","date_gmt":"2024-05-05T20:32:22","guid":{"rendered":"https:\/\/www.sehitgazi1915.org\/?p=1957"},"modified":"2024-05-05T23:32:22","modified_gmt":"2024-05-05T20:32:22","slug":"sanliurfa-il-emniyet-mudurlugune-ziyaret","status":"publish","type":"post","link":"http:\/\/www.sehitgazi1915.org\/index.php\/2024\/05\/05\/sanliurfa-il-emniyet-mudurlugune-ziyaret\/","title":{"rendered":"\u015eANLIURFA \u0130L EMN\u0130YET M\u00dcD\u00dcRL\u00dc\u011e\u00dcNE Z\u0130YARET."},"content":{"rendered":"\n<p>T\u00fcrkiye Harp Malul\u00fc Gaziler \u015eehit Dul ve Yetimleri Derne\u011fi Genel Ba\u015fkan\u0131 Gazi Mustafa I\u015f\u0131k, genel merkez y\u00f6netim kurulu \u00fcyesi, \u015eanl\u0131urfa \u015fube ba\u015fkan\u0131 Mehmet Yavuz ve y\u00f6netim kurulu \u00fcyeleriyle il emniyet m\u00fcd\u00fcr\u00fc sn Erdem B\u0130LD\u0130R\u0130C\u0130\u2019yi makam\u0131nda ziyaret etti.<\/p>\n\n\n\n<p>\u0130lgi alakalar\u0131 i\u00e7in \u00e7ok te\u015fekk\u00fcr ederiz<\/p>\n\n\n\n<figure class=\"wp-block-gallery has-nested-images columns-default is-cropped wp-block-gallery-1 is-layout-flex wp-block-gallery-is-layout-flex\">\n<figure class=\"wp-block-image size-large\"><img loading=\"lazy\" decoding=\"async\" width=\"1024\" height=\"683\" data-id=\"1959\" src=\"https:\/\/www.sehitgazi1915.org\/wp-content\/uploads\/2024\/05\/f39705f5-acd0-43b4-8640-02f7704b8383.jpg\" alt=\"\" class=\"wp-image-1959\" srcset=\"http:\/\/www.sehitgazi1915.org\/wp-content\/uploads\/2024\/05\/f39705f5-acd0-43b4-8640-02f7704b8383.jpg 1024w, http:\/\/www.sehitgazi1915.org\/wp-content\/uploads\/2024\/05\/f39705f5-acd0-43b4-8640-02f7704b8383-300x200.jpg 300w, http:\/\/www.sehitgazi1915.org\/wp-content\/uploads\/2024\/05\/f39705f5-acd0-43b4-8640-02f7704b8383-768x512.jpg 768w\" sizes=\"auto, (max-width: 1024px) 100vw, 1024px\" \/><\/figure>\n<\/figure>\n","protected":false},"excerpt":{"rendered":"<p>T\u00fcrkiye Harp Malul\u00fc Gaziler \u015eehit Dul ve Yetimleri Derne\u011fi Genel Ba\u015fkan\u0131 Gazi Mustafa I\u015f\u0131k, genel merkez y\u00f6netim kurulu \u00fcyesi, \u015eanl\u0131urfa \u015fube ba\u015fkan\u0131 Mehmet Yavuz ve y\u00f6netim kurulu \u00fcyeleriyle il emniyet &hellip; <\/p>\n","protected":false},"author":1,"featured_media":1958,"comment_status":"closed","ping_status":"open","sticky":false,"template":"","format":"standard","meta":{"footnotes":""},"categories":[4],"tags":[],"class_list":["post-1957","post","type-post","status-publish","format-standard","has-post-thumbnail","hentry","category-genel-merkez-haberleri"],"_links":{"self":[{"href":"http:\/\/www.sehitgazi1915.org\/index.php\/wp-json\/wp\/v2\/posts\/1957","targetHints":{"allow":["GET"]}}],"collection":[{"href":"http:\/\/www.sehitgazi1915.org\/index.php\/wp-json\/wp\/v2\/posts"}],"about":[{"href":"http:\/\/www.sehitgazi1915.org\/index.php\/wp-json\/wp\/v2\/types\/post"}],"author":[{"embeddable":true,"href":"http:\/\/www.sehitgazi1915.org\/index.php\/wp-json\/wp\/v2\/users\/1"}],"replies":[{"embeddable":true,"href":"http:\/\/www.sehitgazi1915.org\/index.php\/wp-json\/wp\/v2\/comments?post=1957"}],"version-history":[{"count":1,"href":"http:\/\/www.sehitgazi1915.org\/index.php\/wp-json\/wp\/v2\/posts\/1957\/revisions"}],"predecessor-version":[{"id":1960,"href":"http:\/\/www.sehitgazi1915.org\/index.php\/wp-json\/wp\/v2\/posts\/1957\/revisions\/1960"}],"wp:featuredmedia":[{"embeddable":true,"href":"http:\/\/www.sehitgazi1915.org\/index.php\/wp-json\/wp\/v2\/media\/1958"}],"wp:attachment":[{"href":"http:\/\/www.sehitgazi1915.org\/index.php\/wp-json\/wp\/v2\/media?parent=1957"}],"wp:term":[{"taxonomy":"category","embeddable":true,"href":"http:\/\/www.sehitgazi1915.org\/index.php\/wp-json\/wp\/v2\/categories?post=1957"},{"taxonomy":"post_tag","embeddable":true,"href":"http:\/\/www.sehitgazi1915.org\/index.php\/wp-json\/wp\/v2\/tags?post=1957"}],"curies":[{"name":"wp","href":"https:\/\/api.w.org\/{rel}","templated":true}]}}